{"id":2009,"date":"2024-06-21T17:46:06","date_gmt":"2024-06-21T20:46:06","guid":{"rendered":"https:\/\/goiasexpofavela.com.br\/?p=2009"},"modified":"2024-06-21T17:50:20","modified_gmt":"2024-06-21T20:50:20","slug":"expo-favela-goias-acontecera-no-maior-palco-de-negocios-do-estado-e-ja-tem-atracoes-nacionais-confirmadas","status":"publish","type":"post","link":"https:\/\/goiasexpofavela.com.br\/?p=2009","title":{"rendered":"EXPO FAVELA GOI\u00c1S, ACONTECER\u00c1 NO MAIOR PALCO DE NEG\u00d3CIOS DO ESTADO E J\u00c1 TEM ATRA\u00c7\u00d5ES NACIONAIS CONFIRMADAS"},"content":{"rendered":"\t\t<div data-elementor-type=\"wp-post\" data-elementor-id=\"2009\" class=\"elementor elementor-2009\">\n\t\t\t\t\t\t<section class=\"elementor-section elementor-top-section elementor-element elementor-element-567e486 elementor-section-full_width elementor-section-content-space-between elementor-section-height-min-height elementor-section-height-default elementor-section-items-middle\" data-id=\"567e486\" data-element_type=\"section\" data-settings=\"{&quot;background_background&quot;:&quot;classic&quot;}\">\n\t\t\t\t\t\t<div class=\"elementor-container elementor-column-gap-default\">\n\t\t\t\t\t<div class=\"elementor-column elementor-col-100 elementor-top-column elementor-element elementor-element-df6e5f2\" data-id=\"df6e5f2\" data-element_type=\"column\">\n\t\t\t<div class=\"elementor-widget-wrap elementor-element-populated\">\n\t\t\t\t\t\t<div class=\"elementor-element elementor-element-fc6f0ae elementor-widget elementor-widget-heading\" data-id=\"fc6f0ae\" data-element_type=\"widget\" data-widget_type=\"heading.default\">\n\t\t\t\t<div class=\"elementor-widget-container\">\n\t\t\t\t\t<h2 class=\"elementor-heading-title elementor-size-default\">EXPO FAVELA GOI\u00c1S, ACONTECER\u00c1 NO MAIOR PALCO DE NEG\u00d3CIOS DO ESTADO E J\u00c1 TEM ATRA\u00c7\u00d5ES NACIONAIS CONFIRMADAS<\/h2>\t\t\t\t<\/div>\n\t\t\t\t<\/div>\n\t\t\t\t<div class=\"elementor-element elementor-element-3ab63c3 elementor-widget elementor-widget-heading\" data-id=\"3ab63c3\" data-element_type=\"widget\" data-widget_type=\"heading.default\">\n\t\t\t\t<div class=\"elementor-widget-container\">\n\t\t\t\t\t<h2 class=\"elementor-heading-title elementor-size-default\">A Expo Favela Innovation Goi\u00e1s 2024, vai acontecer nos dias 28 e 29 de junho no Centro de Conven\u00e7\u00f5es de Goi\u00e2nia. Um evento nacional que \u00e9 considerado a maior feira da Am\u00e9rica Latina de empreendedores e startups das periferias, mas que al\u00e9m disso \u00e9 recheado de shows, cultura, apresenta\u00e7\u00f5es art\u00edsticas, v\u00e1rios pain\u00e9is de debates tem\u00e1ticos e muita riqueza de diversidade, com o intuito de apresentar toda a identidade desses territ\u00f3rios!<\/h2>\t\t\t\t<\/div>\n\t\t\t\t<\/div>\n\t\t\t\t\t<\/div>\n\t\t<\/div>\n\t\t\t\t\t<\/div>\n\t\t<\/section>\n\t\t\t\t<section class=\"elementor-section elementor-top-section elementor-element elementor-element-12b94176 elementor-section-boxed elementor-section-height-default elementor-section-height-default\" data-id=\"12b94176\" data-element_type=\"section\" data-settings=\"{&quot;background_background&quot;:&quot;classic&quot;}\">\n\t\t\t\t\t\t\t<div class=\"elementor-background-overlay\"><\/div>\n\t\t\t\t\t\t\t<div class=\"elementor-container elementor-column-gap-default\">\n\t\t\t\t\t<div class=\"elementor-column elementor-col-100 elementor-top-column elementor-element elementor-element-5147385c\" data-id=\"5147385c\" data-element_type=\"column\">\n\t\t\t<div class=\"elementor-widget-wrap elementor-element-populated\">\n\t\t\t\t\t\t<div class=\"elementor-element elementor-element-e688c32 elementor-widget elementor-widget-image\" data-id=\"e688c32\" data-element_type=\"widget\" data-widget_type=\"image.default\">\n\t\t\t\t<div class=\"elementor-widget-container\">\n\t\t\t\t\t\t\t\t\t\t\t\t\t\t\t<img fetchpriority=\"high\" decoding=\"async\" width=\"800\" height=\"600\" src=\"https:\/\/goiasexpofavela.com.br\/wp-content\/uploads\/2024\/06\/capa-expo-favela-2024-maior-palco-do-estado.png\" class=\"attachment-full size-full wp-image-2011\" alt=\"\" srcset=\"https:\/\/goiasexpofavela.com.br\/wp-content\/uploads\/2024\/06\/capa-expo-favela-2024-maior-palco-do-estado.png 800w, https:\/\/goiasexpofavela.com.br\/wp-content\/uploads\/2024\/06\/capa-expo-favela-2024-maior-palco-do-estado-300x225.png 300w, https:\/\/goiasexpofavela.com.br\/wp-content\/uploads\/2024\/06\/capa-expo-favela-2024-maior-palco-do-estado-768x576.png 768w\" sizes=\"(max-width: 800px) 100vw, 800px\" \/>\t\t\t\t\t\t\t\t\t\t\t\t\t\t\t<\/div>\n\t\t\t\t<\/div>\n\t\t\t\t<div class=\"elementor-element elementor-element-460b106 elementor-widget elementor-widget-text-editor\" data-id=\"460b106\" data-element_type=\"widget\" data-widget_type=\"text-editor.default\">\n\t\t\t\t<div class=\"elementor-widget-container\">\n\t\t\t\t\t\t\t\t\t<p>Confira algumas personalidades de renome nacional que j\u00e1 est\u00e3o confirmadas e vir\u00e3o a Goi\u00e2nia;<\/p><ul><li>Edi Rock &#8211; Rapper, compositor, integrante do Racionais MC<\/li><li>Nat\u00e1lia Beauty &#8211; multi-empreendedora de renome internacional no segmento da beleza<\/li><li>Pedro Lins &#8211; Apresentador do Programa Pequenas Empresas, Grandes Neg\u00f3cios da TV Globo<\/li><li>Bebeto &#8211; Tetracampe\u00e3o Mundial de futebol com a sele\u00e7\u00e3o brasileira<\/li><li>Preto Zez\u00e9 &#8211; cofundador da Cufa, integrante do Doming\u00e3o do Huck<\/li><li>MV Bill &#8211; cantor, ator, Cofundador da CUFA<\/li><li>Kalyne Lima, Presidente Nacional da CUFA<\/li><li>Lizandra Costa, Apresentadora do Empreender+ da Tv Anhanguera<\/li><li>Raul Santiago &#8211; Influnciador Digital<\/li><li>Fidelis Falante &#8211; Humorista, Influenciador Digital, apresentador do Programa No Balaio<\/li><li>Breno Cardoso &#8211; Empreendedor social, presidente da Cufa Goi\u00e1s<\/li><li>Davi Braga, anjo investidor, um dos maiores investidores de Startups do Brasil<\/li><li>Maria Eug\u00eania &#8211; cantora<\/li><li>Entre outras atra\u00e7\u00f5es\u2026<\/li><\/ul><p>Para retirar o seu ingresso de forma gratuita, basta acessar o site: goias.expofavela.com.br<br \/>A expectativa \u00e9 que durante os dois dias de evento, o local receba investidores, empres\u00e1rios, artistas, jornalistas, autoridades e um p\u00fablico geral de mais de 20 mil pessoas dando visibilidade \u00e0s iniciativas de neg\u00f3cios e todas as manifesta\u00e7\u00f5es culturais geradas nas periferias de Goi\u00e1s, criando trocas de experi\u00eancias, neg\u00f3cios e parcerias.<\/p><p>O evento conta com o apoio do governo de Goi\u00e1s, por meio da Secretaria de Estado da Ci\u00eancia, Tecnologia e Inova\u00e7\u00e3o, da Prefeitura de Goi\u00e2nia por meio da AGETUL, da Piracanjuba, por meio da Lei Goyazes da Secretaria de estado da Cultura, do SEBRAE, do SESC, do SENAC, da Equatorial, do Sitema OCB e de uma s\u00e9rie de outros incentivadores que acreditam no potencial criativo e produtivo que existem nas periferias!<\/p><p>Contato Imprensa: Pedro Henrique Rabelo &#8211; (62) 98507 6900<\/p>\t\t\t\t\t\t\t\t<\/div>\n\t\t\t\t<\/div>\n\t\t\t\t\t<\/div>\n\t\t<\/div>\n\t\t\t\t\t<\/div>\n\t\t<\/section>\n\t\t\t\t<section class=\"elementor-section elementor-top-section elementor-element elementor-element-dc26899 elementor-section-boxed elementor-section-height-default elementor-section-height-default\" data-id=\"dc26899\" data-element_type=\"section\" data-settings=\"{&quot;background_background&quot;:&quot;classic&quot;}\">\n\t\t\t\t\t\t\t<div class=\"elementor-background-overlay\"><\/div>\n\t\t\t\t\t\t\t<div class=\"elementor-container elementor-column-gap-default\">\n\t\t\t\t\t<div class=\"elementor-column elementor-col-100 elementor-top-column elementor-element elementor-element-c98bd69\" data-id=\"c98bd69\" data-element_type=\"column\">\n\t\t\t<div class=\"elementor-widget-wrap elementor-element-populated\">\n\t\t\t\t\t\t<div class=\"elementor-element elementor-element-0ee7200 elementor-widget elementor-widget-heading\" data-id=\"0ee7200\" data-element_type=\"widget\" data-widget_type=\"heading.default\">\n\t\t\t\t<div class=\"elementor-widget-container\">\n\t\t\t\t\t<h2 class=\"elementor-heading-title elementor-size-default\">GALERIA DE FOTOS<\/h2>\t\t\t\t<\/div>\n\t\t\t\t<\/div>\n\t\t\t\t<div class=\"elementor-element elementor-element-ab61ef6 gallery-spacing-custom elementor-widget elementor-widget-image-gallery\" data-id=\"ab61ef6\" data-element_type=\"widget\" data-widget_type=\"image-gallery.default\">\n\t\t\t\t<div class=\"elementor-widget-container\">\n\t\t\t\t\t\t\t<div class=\"elementor-image-gallery\">\n\t\t\t\n<a data-elementor-open-lightbox=\"yes\" data-elementor-lightbox-slideshow=\"ab61ef6\" data-e-action-hash=\"#elementor-action%3Aaction%3Dlightbox%26settings%3DeyJpZCI6MjAxMiwidXJsIjoiaHR0cHM6XC9cL2dvaWFzZXhwb2ZhdmVsYS5jb20uYnJcL3dwLWNvbnRlbnRcL3VwbG9hZHNcLzIwMjRcLzA2XC9mb3Rvcy1leHBvLWZhdmVsYS0yMDI0LW1haW9yLXBhbGNvLWRvLWVzdGFkby0xLnBuZyIsInNsaWRlc2hvdyI6ImFiNjFlZjYifQ%3D%3D\" href='https:\/\/goiasexpofavela.com.br\/wp-content\/uploads\/2024\/06\/fotos-expo-favela-2024-maior-palco-do-estado-1.png'><img decoding=\"async\" width=\"768\" height=\"511\" src=\"https:\/\/goiasexpofavela.com.br\/wp-content\/uploads\/2024\/06\/fotos-expo-favela-2024-maior-palco-do-estado-1.png\" class=\"attachment-full size-full\" alt=\"\" srcset=\"https:\/\/goiasexpofavela.com.br\/wp-content\/uploads\/2024\/06\/fotos-expo-favela-2024-maior-palco-do-estado-1.png 768w, https:\/\/goiasexpofavela.com.br\/wp-content\/uploads\/2024\/06\/fotos-expo-favela-2024-maior-palco-do-estado-1-300x200.png 300w\" sizes=\"(max-width: 768px) 100vw, 768px\" \/><\/a>\n<a data-elementor-open-lightbox=\"yes\" data-elementor-lightbox-slideshow=\"ab61ef6\" data-e-action-hash=\"#elementor-action%3Aaction%3Dlightbox%26settings%3DeyJpZCI6MjAxMywidXJsIjoiaHR0cHM6XC9cL2dvaWFzZXhwb2ZhdmVsYS5jb20uYnJcL3dwLWNvbnRlbnRcL3VwbG9hZHNcLzIwMjRcLzA2XC9mb3Rvcy1leHBvLWZhdmVsYS0yMDI0LW1haW9yLXBhbGNvLWRvLWVzdGFkby0yLnBuZyIsInNsaWRlc2hvdyI6ImFiNjFlZjYifQ%3D%3D\" href='https:\/\/goiasexpofavela.com.br\/wp-content\/uploads\/2024\/06\/fotos-expo-favela-2024-maior-palco-do-estado-2.png'><img decoding=\"async\" width=\"768\" height=\"511\" src=\"https:\/\/goiasexpofavela.com.br\/wp-content\/uploads\/2024\/06\/fotos-expo-favela-2024-maior-palco-do-estado-2.png\" class=\"attachment-full size-full\" alt=\"\" srcset=\"https:\/\/goiasexpofavela.com.br\/wp-content\/uploads\/2024\/06\/fotos-expo-favela-2024-maior-palco-do-estado-2.png 768w, https:\/\/goiasexpofavela.com.br\/wp-content\/uploads\/2024\/06\/fotos-expo-favela-2024-maior-palco-do-estado-2-300x200.png 300w\" sizes=\"(max-width: 768px) 100vw, 768px\" \/><\/a>\n<a data-elementor-open-lightbox=\"yes\" data-elementor-lightbox-slideshow=\"ab61ef6\" data-e-action-hash=\"#elementor-action%3Aaction%3Dlightbox%26settings%3DeyJpZCI6MjAxNCwidXJsIjoiaHR0cHM6XC9cL2dvaWFzZXhwb2ZhdmVsYS5jb20uYnJcL3dwLWNvbnRlbnRcL3VwbG9hZHNcLzIwMjRcLzA2XC9mb3Rvcy1leHBvLWZhdmVsYS0yMDI0LW1haW9yLXBhbGNvLWRvLWVzdGFkby0zLnBuZyIsInNsaWRlc2hvdyI6ImFiNjFlZjYifQ%3D%3D\" href='https:\/\/goiasexpofavela.com.br\/wp-content\/uploads\/2024\/06\/fotos-expo-favela-2024-maior-palco-do-estado-3.png'><img loading=\"lazy\" decoding=\"async\" width=\"768\" height=\"511\" src=\"https:\/\/goiasexpofavela.com.br\/wp-content\/uploads\/2024\/06\/fotos-expo-favela-2024-maior-palco-do-estado-3.png\" class=\"attachment-full size-full\" alt=\"\" srcset=\"https:\/\/goiasexpofavela.com.br\/wp-content\/uploads\/2024\/06\/fotos-expo-favela-2024-maior-palco-do-estado-3.png 768w, https:\/\/goiasexpofavela.com.br\/wp-content\/uploads\/2024\/06\/fotos-expo-favela-2024-maior-palco-do-estado-3-300x200.png 300w\" sizes=\"(max-width: 768px) 100vw, 768px\" \/><\/a>\n<a data-elementor-open-lightbox=\"yes\" data-elementor-lightbox-slideshow=\"ab61ef6\" data-e-action-hash=\"#elementor-action%3Aaction%3Dlightbox%26settings%3DeyJpZCI6MjAxNSwidXJsIjoiaHR0cHM6XC9cL2dvaWFzZXhwb2ZhdmVsYS5jb20uYnJcL3dwLWNvbnRlbnRcL3VwbG9hZHNcLzIwMjRcLzA2XC9mb3Rvcy1leHBvLWZhdmVsYS0yMDI0LW1haW9yLXBhbGNvLWRvLWVzdGFkby00LnBuZyIsInNsaWRlc2hvdyI6ImFiNjFlZjYifQ%3D%3D\" href='https:\/\/goiasexpofavela.com.br\/wp-content\/uploads\/2024\/06\/fotos-expo-favela-2024-maior-palco-do-estado-4.png'><img loading=\"lazy\" decoding=\"async\" width=\"768\" height=\"511\" src=\"https:\/\/goiasexpofavela.com.br\/wp-content\/uploads\/2024\/06\/fotos-expo-favela-2024-maior-palco-do-estado-4.png\" class=\"attachment-full size-full\" alt=\"\" srcset=\"https:\/\/goiasexpofavela.com.br\/wp-content\/uploads\/2024\/06\/fotos-expo-favela-2024-maior-palco-do-estado-4.png 768w, https:\/\/goiasexpofavela.com.br\/wp-content\/uploads\/2024\/06\/fotos-expo-favela-2024-maior-palco-do-estado-4-300x200.png 300w\" sizes=\"(max-width: 768px) 100vw, 768px\" \/><\/a>\n\t\t<\/div>\n\t\t\t\t\t\t<\/div>\n\t\t\t\t<\/div>\n\t\t\t\t\t<\/div>\n\t\t<\/div>\n\t\t\t\t\t<\/div>\n\t\t<\/section>\n\t\t\t\t<\/div>\n\t\t","protected":false},"excerpt":{"rendered":"<p>EXPO FAVELA GOI\u00c1S, ACONTECER\u00c1 NO MAIOR PALCO DE NEG\u00d3CIOS DO ESTADO E J\u00c1 TEM ATRA\u00c7\u00d5ES NACIONAIS CONFIRMADAS A Expo Favela Innovation Goi\u00e1s 2024, vai acontecer nos dias 28 e 29 de junho no Centro de Conven\u00e7\u00f5es de Goi\u00e2nia. Um evento nacional que \u00e9 considerado a maior feira da Am\u00e9rica Latina de empreendedores e startups das [&hellip;]<\/p>\n","protected":false},"author":2,"featured_media":2011,"comment_status":"open","ping_status":"open","sticky":false,"template":"elementor_header_footer","format":"standard","meta":{"footnotes":""},"categories":[5],"tags":[],"class_list":["post-2009","post","type-post","status-publish","format-standard","has-post-thumbnail","hentry","category-noticias"],"_links":{"self":[{"href":"https:\/\/goiasexpofavela.com.br\/index.php?rest_route=\/wp\/v2\/posts\/2009","targetHints":{"allow":["GET"]}}],"collection":[{"href":"https:\/\/goiasexpofavela.com.br\/index.php?rest_route=\/wp\/v2\/posts"}],"about":[{"href":"https:\/\/goiasexpofavela.com.br\/index.php?rest_route=\/wp\/v2\/types\/post"}],"author":[{"embeddable":true,"href":"https:\/\/goiasexpofavela.com.br\/index.php?rest_route=\/wp\/v2\/users\/2"}],"replies":[{"embeddable":true,"href":"https:\/\/goiasexpofavela.com.br\/index.php?rest_route=%2Fwp%2Fv2%2Fcomments&post=2009"}],"version-history":[{"count":4,"href":"https:\/\/goiasexpofavela.com.br\/index.php?rest_route=\/wp\/v2\/posts\/2009\/revisions"}],"predecessor-version":[{"id":2018,"href":"https:\/\/goiasexpofavela.com.br\/index.php?rest_route=\/wp\/v2\/posts\/2009\/revisions\/2018"}],"wp:featuredmedia":[{"embeddable":true,"href":"https:\/\/goiasexpofavela.com.br\/index.php?rest_route=\/wp\/v2\/media\/2011"}],"wp:attachment":[{"href":"https:\/\/goiasexpofavela.com.br\/index.php?rest_route=%2Fwp%2Fv2%2Fmedia&parent=2009"}],"wp:term":[{"taxonomy":"category","embeddable":true,"href":"https:\/\/goiasexpofavela.com.br\/index.php?rest_route=%2Fwp%2Fv2%2Fcategories&post=2009"},{"taxonomy":"post_tag","embeddable":true,"href":"https:\/\/goiasexpofavela.com.br\/index.php?rest_route=%2Fwp%2Fv2%2Ftags&post=2009"}],"curies":[{"name":"wp","href":"https:\/\/api.w.org\/{rel}","templated":true}]}}