{"id":2050,"date":"2024-07-01T17:16:09","date_gmt":"2024-07-01T20:16:09","guid":{"rendered":"https:\/\/goiasexpofavela.com.br\/?p=2050"},"modified":"2024-07-01T17:19:48","modified_gmt":"2024-07-01T20:19:48","slug":"expo-favela-goias-teve-a-sexta-finalizada-com-show-de-edi-rock-e-neste-sabado-tera-ultimo-dia-com-show-de-mv-bill-e-kmila-cdd-e-escolha-dos-dez-negocios-mais-promissores","status":"publish","type":"post","link":"https:\/\/goiasexpofavela.com.br\/?p=2050","title":{"rendered":"EXPO FAVELA GOI\u00c1S TEVE A SEXTA FINALIZADA COM SHOW DE EDI ROCK E NESTE S\u00c1BADO TER\u00c1 \u00daLTIMO DIA COM SHOW DE MV BILL E KMILA CDD E ESCOLHA DOS DEZ NEG\u00d3CIOS MAIS PROMISSORES"},"content":{"rendered":"\t\t<div data-elementor-type=\"wp-post\" data-elementor-id=\"2050\" class=\"elementor elementor-2050\">\n\t\t\t\t\t\t<section class=\"elementor-section elementor-top-section elementor-element elementor-element-567e486 elementor-section-full_width elementor-section-content-space-between elementor-section-height-min-height elementor-section-height-default elementor-section-items-middle\" data-id=\"567e486\" data-element_type=\"section\" data-settings=\"{&quot;background_background&quot;:&quot;classic&quot;}\">\n\t\t\t\t\t\t<div class=\"elementor-container elementor-column-gap-default\">\n\t\t\t\t\t<div class=\"elementor-column elementor-col-100 elementor-top-column elementor-element elementor-element-df6e5f2\" data-id=\"df6e5f2\" data-element_type=\"column\">\n\t\t\t<div class=\"elementor-widget-wrap elementor-element-populated\">\n\t\t\t\t\t\t<div class=\"elementor-element elementor-element-fc6f0ae elementor-widget elementor-widget-heading\" data-id=\"fc6f0ae\" data-element_type=\"widget\" data-widget_type=\"heading.default\">\n\t\t\t\t<div class=\"elementor-widget-container\">\n\t\t\t\t\t<h2 class=\"elementor-heading-title elementor-size-default\">EXPO FAVELA GOI\u00c1S TEVE A SEXTA FINALIZADA COM SHOW DE EDI ROCK E NESTE S\u00c1BADO TER\u00c1 \u00daLTIMO DIA COM SHOW DE MV BILL E KMILA CDD E ESCOLHA DOS DEZ NEG\u00d3CIOS MAIS PROMISSORES<\/h2>\t\t\t\t<\/div>\n\t\t\t\t<\/div>\n\t\t\t\t<div class=\"elementor-element elementor-element-3ab63c3 elementor-widget elementor-widget-heading\" data-id=\"3ab63c3\" data-element_type=\"widget\" data-widget_type=\"heading.default\">\n\t\t\t\t<div class=\"elementor-widget-container\">\n\t\t\t\t\t<h2 class=\"elementor-heading-title elementor-size-default\">Depois de uma sexta-feira cheia de programa\u00e7\u00e3o art\u00edstica, tecnol\u00f3gica e principalmente empreendedora, a Expo Favela Innovation Goi\u00e1s 2024 ter\u00e1 o seu segundo e \u00faltimo dia neste s\u00e1bado (29), no Centro de Conven\u00e7\u00f5es de Goi\u00e2nia.<\/h2>\t\t\t\t<\/div>\n\t\t\t\t<\/div>\n\t\t\t\t\t<\/div>\n\t\t<\/div>\n\t\t\t\t\t<\/div>\n\t\t<\/section>\n\t\t\t\t<section class=\"elementor-section elementor-top-section elementor-element elementor-element-12b94176 elementor-section-boxed elementor-section-height-default elementor-section-height-default\" data-id=\"12b94176\" data-element_type=\"section\" data-settings=\"{&quot;background_background&quot;:&quot;classic&quot;}\">\n\t\t\t\t\t\t\t<div class=\"elementor-background-overlay\"><\/div>\n\t\t\t\t\t\t\t<div class=\"elementor-container elementor-column-gap-default\">\n\t\t\t\t\t<div class=\"elementor-column elementor-col-100 elementor-top-column elementor-element elementor-element-5147385c\" data-id=\"5147385c\" data-element_type=\"column\">\n\t\t\t<div class=\"elementor-widget-wrap elementor-element-populated\">\n\t\t\t\t\t\t<div class=\"elementor-element elementor-element-e688c32 elementor-widget elementor-widget-image\" data-id=\"e688c32\" data-element_type=\"widget\" data-widget_type=\"image.default\">\n\t\t\t\t<div class=\"elementor-widget-container\">\n\t\t\t\t\t\t\t\t\t\t\t\t\t\t\t<img fetchpriority=\"high\" decoding=\"async\" width=\"800\" height=\"600\" src=\"https:\/\/goiasexpofavela.com.br\/wp-content\/uploads\/2024\/07\/capa-expo-favela-sexta-finalizada-show-edi-rock.png\" class=\"attachment-full size-full wp-image-2052\" alt=\"\" srcset=\"https:\/\/goiasexpofavela.com.br\/wp-content\/uploads\/2024\/07\/capa-expo-favela-sexta-finalizada-show-edi-rock.png 800w, https:\/\/goiasexpofavela.com.br\/wp-content\/uploads\/2024\/07\/capa-expo-favela-sexta-finalizada-show-edi-rock-300x225.png 300w, https:\/\/goiasexpofavela.com.br\/wp-content\/uploads\/2024\/07\/capa-expo-favela-sexta-finalizada-show-edi-rock-768x576.png 768w\" sizes=\"(max-width: 800px) 100vw, 800px\" \/>\t\t\t\t\t\t\t\t\t\t\t\t\t\t\t<\/div>\n\t\t\t\t<\/div>\n\t\t\t\t<div class=\"elementor-element elementor-element-460b106 elementor-widget elementor-widget-text-editor\" data-id=\"460b106\" data-element_type=\"widget\" data-widget_type=\"text-editor.default\">\n\t\t\t\t<div class=\"elementor-widget-container\">\n\t\t\t\t\t\t\t\t\t<p>A programa\u00e7\u00e3o ter\u00e1 pain\u00e9is com discuss\u00f5es importantes relacionadas ao empreendedorismo e a banca seletora escolher\u00e1 os 10 melhores empreendimentos da Expo Favela Goi\u00e1s &#8211; que ir\u00e3o disputar a Expo Favela Brasil no fim do ano.<\/p><p>Para entrar no evento, basta entrar no site: goias.expofavela.com.br &#8211; e retirar o seu convite de forma gratuita. O dia ser\u00e1 encerrado com o show de MV Bill e Kmila CDD.<\/p><p>O evento conta com o apoio do governo de Goi\u00e1s, por meio da Secretaria de Estado da Ci\u00eancia, Tecnologia e Inova\u00e7\u00e3o, da Prefeitura de Goi\u00e2nia por meio da AGETUL, da Piracanjuba, por meio da Lei Goyazes da Secretaria de estado da Cultura, do SEBRAE, do SESC, do SENAC, da Equatorial, do Sitema OCB e de uma s\u00e9rie de outros incentivadores que acreditam no potencial criativo e produtivo que existem nas periferias!<\/p><p>Contato: (62) 98507-6900 &#8211; Pedro Henrique Rabelo<\/p>\t\t\t\t\t\t\t\t<\/div>\n\t\t\t\t<\/div>\n\t\t\t\t\t<\/div>\n\t\t<\/div>\n\t\t\t\t\t<\/div>\n\t\t<\/section>\n\t\t\t\t<section class=\"elementor-section elementor-top-section elementor-element elementor-element-dc26899 elementor-section-boxed elementor-section-height-default elementor-section-height-default\" data-id=\"dc26899\" data-element_type=\"section\" data-settings=\"{&quot;background_background&quot;:&quot;classic&quot;}\">\n\t\t\t\t\t\t\t<div class=\"elementor-background-overlay\"><\/div>\n\t\t\t\t\t\t\t<div class=\"elementor-container elementor-column-gap-default\">\n\t\t\t\t\t<div class=\"elementor-column elementor-col-100 elementor-top-column elementor-element elementor-element-c98bd69\" data-id=\"c98bd69\" data-element_type=\"column\">\n\t\t\t<div class=\"elementor-widget-wrap elementor-element-populated\">\n\t\t\t\t\t\t<div class=\"elementor-element elementor-element-0ee7200 elementor-widget elementor-widget-heading\" data-id=\"0ee7200\" data-element_type=\"widget\" data-widget_type=\"heading.default\">\n\t\t\t\t<div class=\"elementor-widget-container\">\n\t\t\t\t\t<h2 class=\"elementor-heading-title elementor-size-default\">GALERIA DE FOTOS<\/h2>\t\t\t\t<\/div>\n\t\t\t\t<\/div>\n\t\t\t\t<div class=\"elementor-element elementor-element-ab61ef6 gallery-spacing-custom elementor-widget elementor-widget-image-gallery\" data-id=\"ab61ef6\" data-element_type=\"widget\" data-widget_type=\"image-gallery.default\">\n\t\t\t\t<div class=\"elementor-widget-container\">\n\t\t\t\t\t\t\t<div class=\"elementor-image-gallery\">\n\t\t\t\n<a data-elementor-open-lightbox=\"yes\" data-elementor-lightbox-slideshow=\"ab61ef6\" data-e-action-hash=\"#elementor-action%3Aaction%3Dlightbox%26settings%3DeyJpZCI6MjA1MywidXJsIjoiaHR0cHM6XC9cL2dvaWFzZXhwb2ZhdmVsYS5jb20uYnJcL3dwLWNvbnRlbnRcL3VwbG9hZHNcLzIwMjRcLzA3XC9mb3Rvcy1leHBvLWZhdmVsYS1zZXh0YS1maW5hbGl6YWRhLXNob3ctZWRpLXJvY2stMS5wbmciLCJzbGlkZXNob3ciOiJhYjYxZWY2In0%3D\" href='https:\/\/goiasexpofavela.com.br\/wp-content\/uploads\/2024\/07\/fotos-expo-favela-sexta-finalizada-show-edi-rock-1.png'><img decoding=\"async\" width=\"768\" height=\"511\" src=\"https:\/\/goiasexpofavela.com.br\/wp-content\/uploads\/2024\/07\/fotos-expo-favela-sexta-finalizada-show-edi-rock-1.png\" class=\"attachment-full size-full\" alt=\"\" srcset=\"https:\/\/goiasexpofavela.com.br\/wp-content\/uploads\/2024\/07\/fotos-expo-favela-sexta-finalizada-show-edi-rock-1.png 768w, https:\/\/goiasexpofavela.com.br\/wp-content\/uploads\/2024\/07\/fotos-expo-favela-sexta-finalizada-show-edi-rock-1-300x200.png 300w\" sizes=\"(max-width: 768px) 100vw, 768px\" \/><\/a>\n<a data-elementor-open-lightbox=\"yes\" data-elementor-lightbox-slideshow=\"ab61ef6\" data-e-action-hash=\"#elementor-action%3Aaction%3Dlightbox%26settings%3DeyJpZCI6MjA1NCwidXJsIjoiaHR0cHM6XC9cL2dvaWFzZXhwb2ZhdmVsYS5jb20uYnJcL3dwLWNvbnRlbnRcL3VwbG9hZHNcLzIwMjRcLzA3XC9mb3Rvcy1leHBvLWZhdmVsYS1zZXh0YS1maW5hbGl6YWRhLXNob3ctZWRpLXJvY2stMi5wbmciLCJzbGlkZXNob3ciOiJhYjYxZWY2In0%3D\" href='https:\/\/goiasexpofavela.com.br\/wp-content\/uploads\/2024\/07\/fotos-expo-favela-sexta-finalizada-show-edi-rock-2.png'><img decoding=\"async\" width=\"768\" height=\"511\" src=\"https:\/\/goiasexpofavela.com.br\/wp-content\/uploads\/2024\/07\/fotos-expo-favela-sexta-finalizada-show-edi-rock-2.png\" class=\"attachment-full size-full\" alt=\"\" srcset=\"https:\/\/goiasexpofavela.com.br\/wp-content\/uploads\/2024\/07\/fotos-expo-favela-sexta-finalizada-show-edi-rock-2.png 768w, https:\/\/goiasexpofavela.com.br\/wp-content\/uploads\/2024\/07\/fotos-expo-favela-sexta-finalizada-show-edi-rock-2-300x200.png 300w\" sizes=\"(max-width: 768px) 100vw, 768px\" \/><\/a>\n<a data-elementor-open-lightbox=\"yes\" data-elementor-lightbox-slideshow=\"ab61ef6\" data-e-action-hash=\"#elementor-action%3Aaction%3Dlightbox%26settings%3DeyJpZCI6MjA1NSwidXJsIjoiaHR0cHM6XC9cL2dvaWFzZXhwb2ZhdmVsYS5jb20uYnJcL3dwLWNvbnRlbnRcL3VwbG9hZHNcLzIwMjRcLzA3XC9mb3Rvcy1leHBvLWZhdmVsYS1zZXh0YS1maW5hbGl6YWRhLXNob3ctZWRpLXJvY2stMy5wbmciLCJzbGlkZXNob3ciOiJhYjYxZWY2In0%3D\" href='https:\/\/goiasexpofavela.com.br\/wp-content\/uploads\/2024\/07\/fotos-expo-favela-sexta-finalizada-show-edi-rock-3.png'><img loading=\"lazy\" decoding=\"async\" width=\"768\" height=\"511\" src=\"https:\/\/goiasexpofavela.com.br\/wp-content\/uploads\/2024\/07\/fotos-expo-favela-sexta-finalizada-show-edi-rock-3.png\" class=\"attachment-full size-full\" alt=\"\" srcset=\"https:\/\/goiasexpofavela.com.br\/wp-content\/uploads\/2024\/07\/fotos-expo-favela-sexta-finalizada-show-edi-rock-3.png 768w, https:\/\/goiasexpofavela.com.br\/wp-content\/uploads\/2024\/07\/fotos-expo-favela-sexta-finalizada-show-edi-rock-3-300x200.png 300w\" sizes=\"(max-width: 768px) 100vw, 768px\" \/><\/a>\n<a data-elementor-open-lightbox=\"yes\" data-elementor-lightbox-slideshow=\"ab61ef6\" data-e-action-hash=\"#elementor-action%3Aaction%3Dlightbox%26settings%3DeyJpZCI6MjA1NiwidXJsIjoiaHR0cHM6XC9cL2dvaWFzZXhwb2ZhdmVsYS5jb20uYnJcL3dwLWNvbnRlbnRcL3VwbG9hZHNcLzIwMjRcLzA3XC9mb3Rvcy1leHBvLWZhdmVsYS1zZXh0YS1maW5hbGl6YWRhLXNob3ctZWRpLXJvY2stNC5wbmciLCJzbGlkZXNob3ciOiJhYjYxZWY2In0%3D\" href='https:\/\/goiasexpofavela.com.br\/wp-content\/uploads\/2024\/07\/fotos-expo-favela-sexta-finalizada-show-edi-rock-4.png'><img loading=\"lazy\" decoding=\"async\" width=\"768\" height=\"511\" src=\"https:\/\/goiasexpofavela.com.br\/wp-content\/uploads\/2024\/07\/fotos-expo-favela-sexta-finalizada-show-edi-rock-4.png\" class=\"attachment-full size-full\" alt=\"\" srcset=\"https:\/\/goiasexpofavela.com.br\/wp-content\/uploads\/2024\/07\/fotos-expo-favela-sexta-finalizada-show-edi-rock-4.png 768w, https:\/\/goiasexpofavela.com.br\/wp-content\/uploads\/2024\/07\/fotos-expo-favela-sexta-finalizada-show-edi-rock-4-300x200.png 300w\" sizes=\"(max-width: 768px) 100vw, 768px\" \/><\/a>\n<a data-elementor-open-lightbox=\"yes\" data-elementor-lightbox-slideshow=\"ab61ef6\" data-e-action-hash=\"#elementor-action%3Aaction%3Dlightbox%26settings%3DeyJpZCI6MjA1NywidXJsIjoiaHR0cHM6XC9cL2dvaWFzZXhwb2ZhdmVsYS5jb20uYnJcL3dwLWNvbnRlbnRcL3VwbG9hZHNcLzIwMjRcLzA3XC9mb3Rvcy1leHBvLWZhdmVsYS1zZXh0YS1maW5hbGl6YWRhLXNob3ctZWRpLXJvY2stNS5wbmciLCJzbGlkZXNob3ciOiJhYjYxZWY2In0%3D\" href='https:\/\/goiasexpofavela.com.br\/wp-content\/uploads\/2024\/07\/fotos-expo-favela-sexta-finalizada-show-edi-rock-5.png'><img loading=\"lazy\" decoding=\"async\" width=\"768\" height=\"511\" src=\"https:\/\/goiasexpofavela.com.br\/wp-content\/uploads\/2024\/07\/fotos-expo-favela-sexta-finalizada-show-edi-rock-5.png\" class=\"attachment-full size-full\" alt=\"\" srcset=\"https:\/\/goiasexpofavela.com.br\/wp-content\/uploads\/2024\/07\/fotos-expo-favela-sexta-finalizada-show-edi-rock-5.png 768w, https:\/\/goiasexpofavela.com.br\/wp-content\/uploads\/2024\/07\/fotos-expo-favela-sexta-finalizada-show-edi-rock-5-300x200.png 300w\" sizes=\"(max-width: 768px) 100vw, 768px\" \/><\/a>\n<a data-elementor-open-lightbox=\"yes\" data-elementor-lightbox-slideshow=\"ab61ef6\" data-e-action-hash=\"#elementor-action%3Aaction%3Dlightbox%26settings%3DeyJpZCI6MjA1OCwidXJsIjoiaHR0cHM6XC9cL2dvaWFzZXhwb2ZhdmVsYS5jb20uYnJcL3dwLWNvbnRlbnRcL3VwbG9hZHNcLzIwMjRcLzA3XC9mb3Rvcy1leHBvLWZhdmVsYS1zZXh0YS1maW5hbGl6YWRhLXNob3ctZWRpLXJvY2stNi5wbmciLCJzbGlkZXNob3ciOiJhYjYxZWY2In0%3D\" href='https:\/\/goiasexpofavela.com.br\/wp-content\/uploads\/2024\/07\/fotos-expo-favela-sexta-finalizada-show-edi-rock-6.png'><img loading=\"lazy\" decoding=\"async\" width=\"768\" height=\"511\" src=\"https:\/\/goiasexpofavela.com.br\/wp-content\/uploads\/2024\/07\/fotos-expo-favela-sexta-finalizada-show-edi-rock-6.png\" class=\"attachment-full size-full\" alt=\"\" srcset=\"https:\/\/goiasexpofavela.com.br\/wp-content\/uploads\/2024\/07\/fotos-expo-favela-sexta-finalizada-show-edi-rock-6.png 768w, https:\/\/goiasexpofavela.com.br\/wp-content\/uploads\/2024\/07\/fotos-expo-favela-sexta-finalizada-show-edi-rock-6-300x200.png 300w\" sizes=\"(max-width: 768px) 100vw, 768px\" \/><\/a>\n<a data-elementor-open-lightbox=\"yes\" data-elementor-lightbox-slideshow=\"ab61ef6\" data-e-action-hash=\"#elementor-action%3Aaction%3Dlightbox%26settings%3DeyJpZCI6MjA1OSwidXJsIjoiaHR0cHM6XC9cL2dvaWFzZXhwb2ZhdmVsYS5jb20uYnJcL3dwLWNvbnRlbnRcL3VwbG9hZHNcLzIwMjRcLzA3XC9mb3Rvcy1leHBvLWZhdmVsYS1zZXh0YS1maW5hbGl6YWRhLXNob3ctZWRpLXJvY2stNy5wbmciLCJzbGlkZXNob3ciOiJhYjYxZWY2In0%3D\" href='https:\/\/goiasexpofavela.com.br\/wp-content\/uploads\/2024\/07\/fotos-expo-favela-sexta-finalizada-show-edi-rock-7.png'><img loading=\"lazy\" decoding=\"async\" width=\"768\" height=\"511\" src=\"https:\/\/goiasexpofavela.com.br\/wp-content\/uploads\/2024\/07\/fotos-expo-favela-sexta-finalizada-show-edi-rock-7.png\" class=\"attachment-full size-full\" alt=\"\" srcset=\"https:\/\/goiasexpofavela.com.br\/wp-content\/uploads\/2024\/07\/fotos-expo-favela-sexta-finalizada-show-edi-rock-7.png 768w, https:\/\/goiasexpofavela.com.br\/wp-content\/uploads\/2024\/07\/fotos-expo-favela-sexta-finalizada-show-edi-rock-7-300x200.png 300w\" sizes=\"(max-width: 768px) 100vw, 768px\" \/><\/a>\n<a data-elementor-open-lightbox=\"yes\" data-elementor-lightbox-slideshow=\"ab61ef6\" data-e-action-hash=\"#elementor-action%3Aaction%3Dlightbox%26settings%3DeyJpZCI6MjA2MCwidXJsIjoiaHR0cHM6XC9cL2dvaWFzZXhwb2ZhdmVsYS5jb20uYnJcL3dwLWNvbnRlbnRcL3VwbG9hZHNcLzIwMjRcLzA3XC9mb3Rvcy1leHBvLWZhdmVsYS1zZXh0YS1maW5hbGl6YWRhLXNob3ctZWRpLXJvY2stOC5wbmciLCJzbGlkZXNob3ciOiJhYjYxZWY2In0%3D\" href='https:\/\/goiasexpofavela.com.br\/wp-content\/uploads\/2024\/07\/fotos-expo-favela-sexta-finalizada-show-edi-rock-8.png'><img loading=\"lazy\" decoding=\"async\" width=\"768\" height=\"511\" src=\"https:\/\/goiasexpofavela.com.br\/wp-content\/uploads\/2024\/07\/fotos-expo-favela-sexta-finalizada-show-edi-rock-8.png\" class=\"attachment-full size-full\" alt=\"\" srcset=\"https:\/\/goiasexpofavela.com.br\/wp-content\/uploads\/2024\/07\/fotos-expo-favela-sexta-finalizada-show-edi-rock-8.png 768w, https:\/\/goiasexpofavela.com.br\/wp-content\/uploads\/2024\/07\/fotos-expo-favela-sexta-finalizada-show-edi-rock-8-300x200.png 300w\" sizes=\"(max-width: 768px) 100vw, 768px\" \/><\/a>\n<a data-elementor-open-lightbox=\"yes\" data-elementor-lightbox-slideshow=\"ab61ef6\" data-e-action-hash=\"#elementor-action%3Aaction%3Dlightbox%26settings%3DeyJpZCI6MjA2MSwidXJsIjoiaHR0cHM6XC9cL2dvaWFzZXhwb2ZhdmVsYS5jb20uYnJcL3dwLWNvbnRlbnRcL3VwbG9hZHNcLzIwMjRcLzA3XC9mb3Rvcy1leHBvLWZhdmVsYS1zZXh0YS1maW5hbGl6YWRhLXNob3ctZWRpLXJvY2stOS5wbmciLCJzbGlkZXNob3ciOiJhYjYxZWY2In0%3D\" href='https:\/\/goiasexpofavela.com.br\/wp-content\/uploads\/2024\/07\/fotos-expo-favela-sexta-finalizada-show-edi-rock-9.png'><img loading=\"lazy\" decoding=\"async\" width=\"768\" height=\"511\" src=\"https:\/\/goiasexpofavela.com.br\/wp-content\/uploads\/2024\/07\/fotos-expo-favela-sexta-finalizada-show-edi-rock-9.png\" class=\"attachment-full size-full\" alt=\"\" srcset=\"https:\/\/goiasexpofavela.com.br\/wp-content\/uploads\/2024\/07\/fotos-expo-favela-sexta-finalizada-show-edi-rock-9.png 768w, https:\/\/goiasexpofavela.com.br\/wp-content\/uploads\/2024\/07\/fotos-expo-favela-sexta-finalizada-show-edi-rock-9-300x200.png 300w\" sizes=\"(max-width: 768px) 100vw, 768px\" \/><\/a>\n<a data-elementor-open-lightbox=\"yes\" data-elementor-lightbox-slideshow=\"ab61ef6\" data-e-action-hash=\"#elementor-action%3Aaction%3Dlightbox%26settings%3DeyJpZCI6MjA2MiwidXJsIjoiaHR0cHM6XC9cL2dvaWFzZXhwb2ZhdmVsYS5jb20uYnJcL3dwLWNvbnRlbnRcL3VwbG9hZHNcLzIwMjRcLzA3XC9mb3Rvcy1leHBvLWZhdmVsYS1zZXh0YS1maW5hbGl6YWRhLXNob3ctZWRpLXJvY2stMTAucG5nIiwic2xpZGVzaG93IjoiYWI2MWVmNiJ9\" href='https:\/\/goiasexpofavela.com.br\/wp-content\/uploads\/2024\/07\/fotos-expo-favela-sexta-finalizada-show-edi-rock-10.png'><img loading=\"lazy\" decoding=\"async\" width=\"768\" height=\"511\" src=\"https:\/\/goiasexpofavela.com.br\/wp-content\/uploads\/2024\/07\/fotos-expo-favela-sexta-finalizada-show-edi-rock-10.png\" class=\"attachment-full size-full\" alt=\"\" srcset=\"https:\/\/goiasexpofavela.com.br\/wp-content\/uploads\/2024\/07\/fotos-expo-favela-sexta-finalizada-show-edi-rock-10.png 768w, https:\/\/goiasexpofavela.com.br\/wp-content\/uploads\/2024\/07\/fotos-expo-favela-sexta-finalizada-show-edi-rock-10-300x200.png 300w\" sizes=\"(max-width: 768px) 100vw, 768px\" \/><\/a>\n<a data-elementor-open-lightbox=\"yes\" data-elementor-lightbox-slideshow=\"ab61ef6\" data-e-action-hash=\"#elementor-action%3Aaction%3Dlightbox%26settings%3DeyJpZCI6MjA2MywidXJsIjoiaHR0cHM6XC9cL2dvaWFzZXhwb2ZhdmVsYS5jb20uYnJcL3dwLWNvbnRlbnRcL3VwbG9hZHNcLzIwMjRcLzA3XC9mb3Rvcy1leHBvLWZhdmVsYS1zZXh0YS1maW5hbGl6YWRhLXNob3ctZWRpLXJvY2stMTEucG5nIiwic2xpZGVzaG93IjoiYWI2MWVmNiJ9\" href='https:\/\/goiasexpofavela.com.br\/wp-content\/uploads\/2024\/07\/fotos-expo-favela-sexta-finalizada-show-edi-rock-11.png'><img loading=\"lazy\" decoding=\"async\" width=\"768\" height=\"511\" src=\"https:\/\/goiasexpofavela.com.br\/wp-content\/uploads\/2024\/07\/fotos-expo-favela-sexta-finalizada-show-edi-rock-11.png\" class=\"attachment-full size-full\" alt=\"\" srcset=\"https:\/\/goiasexpofavela.com.br\/wp-content\/uploads\/2024\/07\/fotos-expo-favela-sexta-finalizada-show-edi-rock-11.png 768w, https:\/\/goiasexpofavela.com.br\/wp-content\/uploads\/2024\/07\/fotos-expo-favela-sexta-finalizada-show-edi-rock-11-300x200.png 300w\" sizes=\"(max-width: 768px) 100vw, 768px\" \/><\/a>\n\t\t<\/div>\n\t\t\t\t\t\t<\/div>\n\t\t\t\t<\/div>\n\t\t\t\t\t<\/div>\n\t\t<\/div>\n\t\t\t\t\t<\/div>\n\t\t<\/section>\n\t\t\t\t<\/div>\n\t\t","protected":false},"excerpt":{"rendered":"<p>EXPO FAVELA GOI\u00c1S TEVE A SEXTA FINALIZADA COM SHOW DE EDI ROCK E NESTE S\u00c1BADO TER\u00c1 \u00daLTIMO DIA COM SHOW DE MV BILL E KMILA CDD E ESCOLHA DOS DEZ NEG\u00d3CIOS MAIS PROMISSORES Depois de uma sexta-feira cheia de programa\u00e7\u00e3o art\u00edstica, tecnol\u00f3gica e principalmente empreendedora, a Expo Favela Innovation Goi\u00e1s 2024 ter\u00e1 o seu segundo [&hellip;]<\/p>\n","protected":false},"author":2,"featured_media":2052,"comment_status":"open","ping_status":"open","sticky":false,"template":"elementor_header_footer","format":"standard","meta":{"footnotes":""},"categories":[5],"tags":[],"class_list":["post-2050","post","type-post","status-publish","format-standard","has-post-thumbnail","hentry","category-noticias"],"_links":{"self":[{"href":"https:\/\/goiasexpofavela.com.br\/index.php?rest_route=\/wp\/v2\/posts\/2050","targetHints":{"allow":["GET"]}}],"collection":[{"href":"https:\/\/goiasexpofavela.com.br\/index.php?rest_route=\/wp\/v2\/posts"}],"about":[{"href":"https:\/\/goiasexpofavela.com.br\/index.php?rest_route=\/wp\/v2\/types\/post"}],"author":[{"embeddable":true,"href":"https:\/\/goiasexpofavela.com.br\/index.php?rest_route=\/wp\/v2\/users\/2"}],"replies":[{"embeddable":true,"href":"https:\/\/goiasexpofavela.com.br\/index.php?rest_route=%2Fwp%2Fv2%2Fcomments&post=2050"}],"version-history":[{"count":4,"href":"https:\/\/goiasexpofavela.com.br\/index.php?rest_route=\/wp\/v2\/posts\/2050\/revisions"}],"predecessor-version":[{"id":2066,"href":"https:\/\/goiasexpofavela.com.br\/index.php?rest_route=\/wp\/v2\/posts\/2050\/revisions\/2066"}],"wp:featuredmedia":[{"embeddable":true,"href":"https:\/\/goiasexpofavela.com.br\/index.php?rest_route=\/wp\/v2\/media\/2052"}],"wp:attachment":[{"href":"https:\/\/goiasexpofavela.com.br\/index.php?rest_route=%2Fwp%2Fv2%2Fmedia&parent=2050"}],"wp:term":[{"taxonomy":"category","embeddable":true,"href":"https:\/\/goiasexpofavela.com.br\/index.php?rest_route=%2Fwp%2Fv2%2Fcategories&post=2050"},{"taxonomy":"post_tag","embeddable":true,"href":"https:\/\/goiasexpofavela.com.br\/index.php?rest_route=%2Fwp%2Fv2%2Ftags&post=2050"}],"curies":[{"name":"wp","href":"https:\/\/api.w.org\/{rel}","templated":true}]}}